{"id":9296,"date":"2018-06-02T09:58:00","date_gmt":"2018-06-02T07:58:00","guid":{"rendered":"https:\/\/www.eco-innov.com\/actualites\/iluminacion-para-fomentar-la-movilidad-sostenible\/"},"modified":"2026-04-20T11:07:05","modified_gmt":"2026-04-20T09:07:05","slug":"iluminacion-para-fomentar-la-movilidad-sostenible","status":"publish","type":"news","link":"https:\/\/www.eco-innov.com\/es\/noticias\/iluminacion-para-fomentar-la-movilidad-sostenible\/","title":{"rendered":"Iluminaci\u00f3n para fomentar la movilidad sostenible"},"content":{"rendered":"<\/div>\n<div id=\"block-hero-block_92adc29e4c35b80ce5eea93be8149491\" class=\"container-fluid header_news_part px-0  block-hero\">\n    <div class=\"container\">\n        <div class=\"row\">\n            <div class=\"col-12\">\n                <nav aria-label=\"breadcrumbs\" class=\"rank-math-breadcrumb\"><p><span class=\"last\">Inicio<\/span><\/p><\/nav>                <h1 class=\"with_line with_line_lg\"><span>Iluminaci\u00f3n para fomentar la movilidad sostenible<\/span><\/h1>\n                <div class=\"tags_part mb-5\">\n                    <span class=\"badge white\">Proyecto<\/span>                <\/div>\n\n\n                            <\/div>\n        <\/div>\n\n\n    <\/div>\n<\/div>\n<div class=\"container\">\n\n\n\n\n<div style=\"height:50px\" aria-hidden=\"true\" class=\"wp-block-spacer\"><\/div>\n\n<\/div>\n<div id=\"block-hero-block_4a5723c97c1141ffb2e24358d3316418\" class=\"container-fluid txt_media_part  block-hero\">\n    <div class=\"row\">\n        <div class=\"col-12 col-lg-6 col-xl-6 px-0 media order-1 order-lg-1\">\n            <img decoding=\"async\" src=\"https:\/\/www.eco-innov.com\/wp-content\/uploads\/44_ECO-143_Chaume_en_Retz_\u00a9Stephane_Lelasseux-2.webp\" alt=\"\" class=\"img-fluid\">        <\/div>\n        <div class=\"col-12 col-lg-6 col-xl-6 col-xxl-5 px-xl-5 pt-5 pt-lg-0 txt order-2 order-lg-2 d-flex align-items-center\">\n            <div class=\"txt_part\">\n            <div class=\"content\"><p>El municipio de Chaumes-en-Retz, situado en la carretera principal que une Pornic con Nantes, emprendi\u00f3 recientemente un proyecto de planificaci\u00f3n para mejorar la comodidad y la seguridad de los usuarios de su sendero. Este sendero, esencial para la movilidad sostenible, sufr\u00eda una falta de uso, sobre todo debido a la falta de visibilidad por la noche. <\/p>\n<p>Para resolver este problema, los municipios recurrieron a la pericia de ECO-INNOV, especialistas en soluciones sostenibles de balizamiento luminoso LED.<\/p>\n<\/div>            <\/div>\n        <\/div>\n    <\/div>\n\n<\/div>\n\n<div class=\"container\">\n<div style=\"height:50px\" aria-hidden=\"true\" class=\"wp-block-spacer\"><\/div>\n\n<\/div>\n<div id=\"block-hero-block_22f50f77e3b3860dbeb1a41174adb2cf\" class=\"container-fluid txt_media_part  block-hero\">\n    <div class=\"row\">\n        <div class=\"col-12 col-lg-6 col-xl-6 px-0 media order-1 order-lg-2\">\n            <img decoding=\"async\" src=\"https:\/\/www.eco-innov.com\/wp-content\/uploads\/44_ECO-143_Chaume_en_Retz_\u00a9Stephane_Lelasseux-32.webp\" alt=\"\" class=\"img-fluid\">        <\/div>\n        <div class=\"col-12 col-lg-6 col-xl-6 col-xxl-5 px-xl-5 pt-5 pt-lg-0 txt order-2 order-lg-1 offset-xxl-1 d-flex align-items-center\">\n            <div class=\"txt_part\">\n            <div class=\"content\"><h2>Una soluci\u00f3n solar adaptada a las limitaciones del lugar<\/h2>\n<p>Una de las principales dificultades de este proyecto era la imposibilidad de tender cables para alimentar la iluminaci\u00f3n tradicional. La soluci\u00f3n elegida fue un sistema de balizamiento luminoso solar con luminarias empotradas ECO-143. \u00abEste producto resistente y f\u00e1cil de instalar s\u00f3lo necesita perforarse en el bet\u00fan y aplicarse un adhesivo especial para garantizar su adherencia\u00bb, explica Sylvain Lou\u00ebrat, electricista que particip\u00f3 en el proyecto.  <\/p>\n<p>Adem\u00e1s de ser autosuficientes energ\u00e9ticamente, estos sistemas se han dise\u00f1ado para integrarse armoniosamente en el medio ambiente. Los montantes empotrados emiten luz \u00e1mbar, lo que reduce el impacto sobre la flora y la fauna locales, al tiempo que limita el deslumbramiento de las carreteras cercanas. <\/p>\n<\/div>            <\/div>\n        <\/div>\n    <\/div>\n\n<\/div>\n\n<div class=\"container\">\n<div style=\"height:50px\" aria-hidden=\"true\" class=\"wp-block-spacer\"><\/div>\n\n<\/div>\n<div id=\"block-hero-block_e4b080791cd2c1d7198fc19a9218561e\" class=\"container-fluid txt_media_part  block-hero\">\n    <div class=\"row\">\n        <div class=\"col-12 col-lg-6 col-xl-6 px-0 media order-1 order-lg-1\">\n            <img decoding=\"async\" src=\"https:\/\/www.eco-innov.com\/wp-content\/uploads\/44_ECO-143_Chaume_en_Retz_\u00a9Stephane_Lelasseux-25.webp\" alt=\"\" class=\"img-fluid\">        <\/div>\n        <div class=\"col-12 col-lg-6 col-xl-6 col-xxl-5 px-xl-5 pt-5 pt-lg-0 txt order-2 order-lg-2 d-flex align-items-center\">\n            <div class=\"txt_part\">\n            <div class=\"content\"><h2>Funcionamiento sincronizado con el alumbrado p\u00fablico<\/h2>\n<p>El sistema de iluminaci\u00f3n est\u00e1 programado para seguir el horario del alumbrado p\u00fablico. Los bolardos se encienden al anochecer y se apagan a las 10 de la noche para volver a encenderse a las 6 de la ma\u00f1ana, garantizando la seguridad de los usuarios sin consumir demasiada energ\u00eda. <\/p>\n<\/div>            <\/div>\n        <\/div>\n    <\/div>\n\n<\/div>\n\n<div class=\"container\">\n<div style=\"height:50px\" aria-hidden=\"true\" class=\"wp-block-spacer\"><\/div>\n\n<\/div>\n<div id=\"block-hero-block_3bc0e99c4728469238a367688fe392ef\" class=\"container-fluid txt_media_part  block-hero\">\n    <div class=\"row\">\n        <div class=\"col-12 col-lg-6 col-xl-6 px-0 media order-1 order-lg-2\">\n            <img decoding=\"async\" src=\"https:\/\/www.eco-innov.com\/wp-content\/uploads\/44_ECO-143_Velodyssee_\u00a9CamilleSaada-9.webp\" alt=\"\" class=\"img-fluid\">        <\/div>\n        <div class=\"col-12 col-lg-6 col-xl-6 col-xxl-5 px-xl-5 pt-5 pt-lg-0 txt order-2 order-lg-1 offset-xxl-1 d-flex align-items-center\">\n            <div class=\"txt_part\">\n            <div class=\"content\"><h2>Un proyecto aclamado por los usuarios<\/h2>\n<p>En esta primera fase de la plaza se instalaron 53 paneles solares a lo largo de un kil\u00f3metro. Los comentarios de peatones y ciclistas han sido muy positivos, lo que ha convencido al ayuntamiento para ampliar la instalaci\u00f3n a otros 500 metros. \u00abLos usuarios est\u00e1n contentos con esta soluci\u00f3n, que es a la vez pr\u00e1ctica y est\u00e9tica\u00bb, a\u00f1ade Sylvain Lou\u00ebrat.  <\/p>\n<p>Con esta iniciativa, Chaumes-en-Retz afirma su compromiso con soluciones de iluminaci\u00f3n innovadoras, sostenibles y respetuosas con el medio ambiente.<\/p>\n<p><strong>Foto\/v\u00eddeo:<\/strong> \u00a9 St\u00e9phane Lelasseux<\/p>\n<\/div>            <\/div>\n        <\/div>\n    <\/div>\n\n<\/div>\n\n<div class=\"container\">\n<div style=\"height:50px\" aria-hidden=\"true\" class=\"wp-block-spacer\"><\/div>\n<\/div><div class=\"embed\">\n<figure class=\"wp-block-embed is-type-video is-provider-youtube wp-block-embed-youtube wp-embed-aspect-16-9 wp-has-aspect-ratio\"><div class=\"wp-block-embed__wrapper\">\n<iframe loading=\"lazy\" title=\"Solutions ECO-INNOV : installation rapide et sans contrainte\" width=\"500\" height=\"281\" src=\"https:\/\/www.youtube.com\/embed\/t6yqoRFXibI?feature=oembed\" frameborder=\"0\" allow=\"accelerometer; autoplay; clipboard-write; encrypted-media; gyroscope; picture-in-picture; web-share\" referrerpolicy=\"strict-origin-when-cross-origin\" allowfullscreen><\/iframe>\n<\/div><\/figure>\n<\/div><div class=\"container\">","protected":false},"excerpt":{"rendered":"<p>El municipio de Chaumes-en-Retz, situado en la carretera principal que une Pornic con Nantes, emprendi\u00f3 recientemente un proyecto de planificaci\u00f3n para mejorar la comodidad y la seguridad de los usuarios de su sendero. Este sendero, esencial para la movilidad sostenible, sufr\u00eda una falta de uso, sobre todo debido a la falta de visibilidad por la noche. <\/p>\n","protected":false},"featured_media":8078,"template":"","meta":{"_acf_changed":false,"inline_featured_image":false},"news-category":[399],"class_list":["post-9296","news","type-news","status-publish","has-post-thumbnail","hentry","news-category-proyecto"],"acf":[],"_links":{"self":[{"href":"https:\/\/www.eco-innov.com\/es\/wp-json\/wp\/v2\/news\/9296","targetHints":{"allow":["GET"]}}],"collection":[{"href":"https:\/\/www.eco-innov.com\/es\/wp-json\/wp\/v2\/news"}],"about":[{"href":"https:\/\/www.eco-innov.com\/es\/wp-json\/wp\/v2\/types\/news"}],"wp:featuredmedia":[{"embeddable":true,"href":"https:\/\/www.eco-innov.com\/es\/wp-json\/wp\/v2\/media\/8078"}],"wp:attachment":[{"href":"https:\/\/www.eco-innov.com\/es\/wp-json\/wp\/v2\/media?parent=9296"}],"wp:term":[{"taxonomy":"news-category","embeddable":true,"href":"https:\/\/www.eco-innov.com\/es\/wp-json\/wp\/v2\/news-category?post=9296"}],"curies":[{"name":"wp","href":"https:\/\/api.w.org\/{rel}","templated":true}]}}