{"id":9294,"date":"2018-01-18T17:57:00","date_gmt":"2018-01-18T16:57:00","guid":{"rendered":"https:\/\/www.eco-innov.com\/actualites\/reencantar-los-espacios-publicos-la-luz-como-motor-de-bienestar-y-atractivo-local\/"},"modified":"2026-04-23T16:21:56","modified_gmt":"2026-04-23T14:21:56","slug":"reencantar-los-espacios-publicos-la-luz-como-motor-de-bienestar-y-atractivo-local","status":"publish","type":"news","link":"https:\/\/www.eco-innov.com\/es\/noticias\/reencantar-los-espacios-publicos-la-luz-como-motor-de-bienestar-y-atractivo-local\/","title":{"rendered":"Reencantar los espacios p\u00fablicos: la luz como motor de bienestar y atractivo local"},"content":{"rendered":"<\/div>\n<div id=\"block-hero-block_dd7a7803417a21babcbbdf946c4ecd2f\" class=\"container-fluid header_news_part px-0  block-hero\">\n    <div class=\"container\">\n        <div class=\"row\">\n            <div class=\"col-12\">\n                <nav aria-label=\"breadcrumbs\" class=\"rank-math-breadcrumb\"><p><span class=\"last\">Inicio<\/span><\/p><\/nav>                <h1 class=\"with_line with_line_lg\"><span>Reencantar los espacios p\u00fablicos: la luz como motor de bienestar y atractivo local<\/span><\/h1>\n                <div class=\"tags_part mb-5\">\n                    <span class=\"badge white\">Proyecto<\/span>                <\/div>\n\n\n                            <\/div>\n        <\/div>\n\n\n    <\/div>\n<\/div>\n<div class=\"container\">\n\n\n\n\n\n\n<div style=\"height:50px\" aria-hidden=\"true\" class=\"wp-block-spacer\"><\/div>\n\n\n\n<\/div>\n<div id=\"block-hero-block_12ce0ecd585f8dc9cc83e2975945f8d3\" class=\"container-fluid txt_media_part  block-hero\">\n    <div class=\"row\">\n        <div class=\"col-12 col-lg-6 col-xl-6 px-0 media order-1 order-lg-1\">\n            <img decoding=\"async\" src=\"https:\/\/www.eco-innov.com\/wp-content\/uploads\/94_Paves_solaires_avec_pot_inox_Cheminee_Industrielle_Mirela_Popa_\u00a9Mirela-Popa-Galerie-Fernand-Leger-Ville-dIvry-sur-Seine8.webp\" alt=\"\" class=\"img-fluid\">        <\/div>\n        <div class=\"col-12 col-lg-6 col-xl-6 col-xxl-5 px-xl-5 pt-5 pt-lg-0 txt order-2 order-lg-2 d-flex align-items-center\">\n            <div class=\"txt_part\">\n            <div class=\"content\"><p>En un momento en que las autoridades locales se enfrentan a graves restricciones presupuestarias y a mayores exigencias de eficiencia energ\u00e9tica, el alumbrado p\u00fablico ha dejado de ser una simple herramienta funcional para convertirse en una aut\u00e9ntica palanca de valorizaci\u00f3n del territorio. Capaz de reforzar la identidad local, la iluminaci\u00f3n mejora el entorno vital y da un nuevo significado a espacios a veces descuidados. <\/p>\n<p>El reto est\u00e1 claro: dejar una impresi\u00f3n visible y positiva, sin incurrir en gastos excesivos ni aumentar el consumo de energ\u00eda. En este contexto, la iluminaci\u00f3n parece ser un medio especialmente relevante, siempre que est\u00e9 planificada y razonada. <\/p>\n<\/div>            <\/div>\n        <\/div>\n    <\/div>\n\n<\/div>\n\n<div class=\"container\">\n\n\n<div style=\"height:50px\" aria-hidden=\"true\" class=\"wp-block-spacer\"><\/div>\n\n\n\n<h2 class=\"wp-block-heading\"><span><strong>La iluminaci\u00f3n como herramienta de regeneraci\u00f3n urbana<\/strong><\/span><\/h2>\n\n\n\n<p>Una iluminaci\u00f3n bien pensada contribuye a :<\/p>\n\n\n\n<ul class=\"wp-block-list\">\n<li>Revitalizar los centros urbanos haci\u00e9ndolos m\u00e1s claros, acogedores y seguros;<\/li>\n\n\n\n<li>Valorizar nuestro patrimonio hist\u00f3rico, industrial y paisaj\u00edstico;<\/li>\n\n\n\n<li>Restablecer una identidad sin recurrir a una gran planificaci\u00f3n.<\/li>\n<\/ul>\n\n\n\n<p>Frente a un enfoque cuantitativo basado \u00fanicamente en los niveles de iluminaci\u00f3n, los proyectos m\u00e1s virtuosos hoy en d\u00eda favorecen un <strong>enfoque cualitativo<\/strong>: jugar con los contrastes, revelar los vol\u00famenes, apoyar los usos y respetar la noche.<\/p>\n\n\n\n<h2 class=\"wp-block-heading\"><span><strong>Construir una firma luminosa sostenible y sobria<\/strong><\/span><\/h2>\n\n\n\n<p>Las soluciones de iluminaci\u00f3n basadas en las tecnolog\u00edas <a href=\"https:\/\/www.lec.fr\/\" target=\"_blank\" rel=\"noopener\">LEC<\/a> y ECO-INNOV permiten conciliar :<\/p>\n\n\n\n<ul class=\"wp-block-list\">\n<li>Gesti\u00f3n de la energ\u00eda (consumo reducido, gesti\u00f3n inteligente, iluminaci\u00f3n temporal),<\/li>\n\n\n\n<li>Durabilidad (materiales duraderos, mantenimiento optimizado),<\/li>\n\n\n\n<li>Una dimensi\u00f3n est\u00e9tica y emocional, esencial para la apropiaci\u00f3n p\u00fablica.<\/li>\n<\/ul>\n\n\n\n<p>El objetivo no es iluminar m\u00e1s, sino <strong>iluminar mejor<\/strong>: crear una firma luminosa reconocible, coherente con la historia y los usos de la zona, limitando al mismo tiempo el impacto medioambiental.<\/p>\n\n\n\n<div style=\"height:50px\" aria-hidden=\"true\" class=\"wp-block-spacer\"><\/div>\n\n\n\n<figure class=\"wp-block-gallery has-nested-images columns-3 is-cropped wp-block-gallery-1 is-layout-flex wp-block-gallery-is-layout-flex\">\n<figure data-wp-context=\"{&quot;imageId&quot;:&quot;69f0ec320e207&quot;}\" data-wp-interactive=\"core\/image\" data-wp-key=\"69f0ec320e207\" class=\"wp-block-image size-full wp-lightbox-container\"><img decoding=\"async\" width=\"1267\" height=\"1900\" data-wp-class--hide=\"state.isContentHidden\" data-wp-class--show=\"state.isContentVisible\" data-wp-init=\"callbacks.setButtonStyles\" data-wp-on--click=\"actions.showLightbox\" data-wp-on--load=\"callbacks.setButtonStyles\" data-wp-on-window--resize=\"callbacks.setButtonStyles\" data-id=\"8063\" src=\"https:\/\/www.eco-innov.com\/wp-content\/uploads\/94_Paves_solaires_avec_pot_inox_Cheminee_Industrielle_Mirela_Popa_\u00a9Mirela-Popa-Galerie-Fernand-Leger-Ville-dIvry-sur-Seine5-1267x1900.webp\" alt=\"\" class=\"wp-image-8063\" srcset=\"https:\/\/www.eco-innov.com\/wp-content\/uploads\/94_Paves_solaires_avec_pot_inox_Cheminee_Industrielle_Mirela_Popa_\u00a9Mirela-Popa-Galerie-Fernand-Leger-Ville-dIvry-sur-Seine5-1267x1900.webp 1267w, https:\/\/www.eco-innov.com\/wp-content\/uploads\/94_Paves_solaires_avec_pot_inox_Cheminee_Industrielle_Mirela_Popa_\u00a9Mirela-Popa-Galerie-Fernand-Leger-Ville-dIvry-sur-Seine5-453x680.webp 453w, https:\/\/www.eco-innov.com\/wp-content\/uploads\/94_Paves_solaires_avec_pot_inox_Cheminee_Industrielle_Mirela_Popa_\u00a9Mirela-Popa-Galerie-Fernand-Leger-Ville-dIvry-sur-Seine5-683x1024.webp 683w, https:\/\/www.eco-innov.com\/wp-content\/uploads\/94_Paves_solaires_avec_pot_inox_Cheminee_Industrielle_Mirela_Popa_\u00a9Mirela-Popa-Galerie-Fernand-Leger-Ville-dIvry-sur-Seine5-768x1152.webp 768w, https:\/\/www.eco-innov.com\/wp-content\/uploads\/94_Paves_solaires_avec_pot_inox_Cheminee_Industrielle_Mirela_Popa_\u00a9Mirela-Popa-Galerie-Fernand-Leger-Ville-dIvry-sur-Seine5-1024x1536.webp 1024w, https:\/\/www.eco-innov.com\/wp-content\/uploads\/94_Paves_solaires_avec_pot_inox_Cheminee_Industrielle_Mirela_Popa_\u00a9Mirela-Popa-Galerie-Fernand-Leger-Ville-dIvry-sur-Seine5-1366x2048.webp 1366w, https:\/\/www.eco-innov.com\/wp-content\/uploads\/94_Paves_solaires_avec_pot_inox_Cheminee_Industrielle_Mirela_Popa_\u00a9Mirela-Popa-Galerie-Fernand-Leger-Ville-dIvry-sur-Seine5-880x1320.webp 880w, https:\/\/www.eco-innov.com\/wp-content\/uploads\/94_Paves_solaires_avec_pot_inox_Cheminee_Industrielle_Mirela_Popa_\u00a9Mirela-Popa-Galerie-Fernand-Leger-Ville-dIvry-sur-Seine5-660x990.webp 660w, https:\/\/www.eco-innov.com\/wp-content\/uploads\/94_Paves_solaires_avec_pot_inox_Cheminee_Industrielle_Mirela_Popa_\u00a9Mirela-Popa-Galerie-Fernand-Leger-Ville-dIvry-sur-Seine5-440x660.webp 440w, https:\/\/www.eco-innov.com\/wp-content\/uploads\/94_Paves_solaires_avec_pot_inox_Cheminee_Industrielle_Mirela_Popa_\u00a9Mirela-Popa-Galerie-Fernand-Leger-Ville-dIvry-sur-Seine5-300x450.webp 300w, https:\/\/www.eco-innov.com\/wp-content\/uploads\/94_Paves_solaires_avec_pot_inox_Cheminee_Industrielle_Mirela_Popa_\u00a9Mirela-Popa-Galerie-Fernand-Leger-Ville-dIvry-sur-Seine5-220x330.webp 220w, https:\/\/www.eco-innov.com\/wp-content\/uploads\/94_Paves_solaires_avec_pot_inox_Cheminee_Industrielle_Mirela_Popa_\u00a9Mirela-Popa-Galerie-Fernand-Leger-Ville-dIvry-sur-Seine5-267x400.webp 267w, https:\/\/www.eco-innov.com\/wp-content\/uploads\/94_Paves_solaires_avec_pot_inox_Cheminee_Industrielle_Mirela_Popa_\u00a9Mirela-Popa-Galerie-Fernand-Leger-Ville-dIvry-sur-Seine5-243x365.webp 243w, https:\/\/www.eco-innov.com\/wp-content\/uploads\/94_Paves_solaires_avec_pot_inox_Cheminee_Industrielle_Mirela_Popa_\u00a9Mirela-Popa-Galerie-Fernand-Leger-Ville-dIvry-sur-Seine5-357x535.webp 357w\" sizes=\"(max-width: 1267px) 100vw, 1267px\" \/><button\n\t\t\tclass=\"lightbox-trigger\"\n\t\t\ttype=\"button\"\n\t\t\taria-haspopup=\"dialog\"\n\t\t\taria-label=\"Agrandar\"\n\t\t\tdata-wp-init=\"callbacks.initTriggerButton\"\n\t\t\tdata-wp-on--click=\"actions.showLightbox\"\n\t\t\tdata-wp-style--right=\"state.imageButtonRight\"\n\t\t\tdata-wp-style--top=\"state.imageButtonTop\"\n\t\t>\n\t\t\t<svg xmlns=\"http:\/\/www.w3.org\/2000\/svg\" width=\"12\" height=\"12\" fill=\"none\" viewBox=\"0 0 12 12\">\n\t\t\t\t<path fill=\"#fff\" d=\"M2 0a2 2 0 0 0-2 2v2h1.5V2a.5.5 0 0 1 .5-.5h2V0H2Zm2 10.5H2a.5.5 0 0 1-.5-.5V8H0v2a2 2 0 0 0 2 2h2v-1.5ZM8 12v-1.5h2a.5.5 0 0 0 .5-.5V8H12v2a2 2 0 0 1-2 2H8Zm2-12a2 2 0 0 1 2 2v2h-1.5V2a.5.5 0 0 0-.5-.5H8V0h2Z\" \/>\n\t\t\t<\/svg>\n\t\t<\/button><\/figure>\n\n\n\n<figure data-wp-context=\"{&quot;imageId&quot;:&quot;69f0ec320ed12&quot;}\" data-wp-interactive=\"core\/image\" data-wp-key=\"69f0ec320ed12\" class=\"wp-block-image size-full wp-lightbox-container\"><img decoding=\"async\" width=\"1900\" height=\"1267\" data-wp-class--hide=\"state.isContentHidden\" data-wp-class--show=\"state.isContentVisible\" data-wp-init=\"callbacks.setButtonStyles\" data-wp-on--click=\"actions.showLightbox\" data-wp-on--load=\"callbacks.setButtonStyles\" data-wp-on-window--resize=\"callbacks.setButtonStyles\" data-id=\"8067\" src=\"https:\/\/www.eco-innov.com\/wp-content\/uploads\/94_Paves_solaires_avec_pot_inox_Cheminee_Industrielle_Mirela_Popa_\u00a9Mirela-Popa-Galerie-Fernand-Leger-Ville-dIvry-sur-Seine8-1-1900x1267.webp\" alt=\"\" class=\"wp-image-8067\" srcset=\"https:\/\/www.eco-innov.com\/wp-content\/uploads\/94_Paves_solaires_avec_pot_inox_Cheminee_Industrielle_Mirela_Popa_\u00a9Mirela-Popa-Galerie-Fernand-Leger-Ville-dIvry-sur-Seine8-1-1900x1267.webp 1900w, https:\/\/www.eco-innov.com\/wp-content\/uploads\/94_Paves_solaires_avec_pot_inox_Cheminee_Industrielle_Mirela_Popa_\u00a9Mirela-Popa-Galerie-Fernand-Leger-Ville-dIvry-sur-Seine8-1-680x453.webp 680w, https:\/\/www.eco-innov.com\/wp-content\/uploads\/94_Paves_solaires_avec_pot_inox_Cheminee_Industrielle_Mirela_Popa_\u00a9Mirela-Popa-Galerie-Fernand-Leger-Ville-dIvry-sur-Seine8-1-1024x683.webp 1024w, https:\/\/www.eco-innov.com\/wp-content\/uploads\/94_Paves_solaires_avec_pot_inox_Cheminee_Industrielle_Mirela_Popa_\u00a9Mirela-Popa-Galerie-Fernand-Leger-Ville-dIvry-sur-Seine8-1-768x512.webp 768w, https:\/\/www.eco-innov.com\/wp-content\/uploads\/94_Paves_solaires_avec_pot_inox_Cheminee_Industrielle_Mirela_Popa_\u00a9Mirela-Popa-Galerie-Fernand-Leger-Ville-dIvry-sur-Seine8-1-1536x1024.webp 1536w, https:\/\/www.eco-innov.com\/wp-content\/uploads\/94_Paves_solaires_avec_pot_inox_Cheminee_Industrielle_Mirela_Popa_\u00a9Mirela-Popa-Galerie-Fernand-Leger-Ville-dIvry-sur-Seine8-1-2048x1365.webp 2048w, https:\/\/www.eco-innov.com\/wp-content\/uploads\/94_Paves_solaires_avec_pot_inox_Cheminee_Industrielle_Mirela_Popa_\u00a9Mirela-Popa-Galerie-Fernand-Leger-Ville-dIvry-sur-Seine8-1-1320x880.webp 1320w, https:\/\/www.eco-innov.com\/wp-content\/uploads\/94_Paves_solaires_avec_pot_inox_Cheminee_Industrielle_Mirela_Popa_\u00a9Mirela-Popa-Galerie-Fernand-Leger-Ville-dIvry-sur-Seine8-1-990x660.webp 990w, https:\/\/www.eco-innov.com\/wp-content\/uploads\/94_Paves_solaires_avec_pot_inox_Cheminee_Industrielle_Mirela_Popa_\u00a9Mirela-Popa-Galerie-Fernand-Leger-Ville-dIvry-sur-Seine8-1-660x440.webp 660w, https:\/\/www.eco-innov.com\/wp-content\/uploads\/94_Paves_solaires_avec_pot_inox_Cheminee_Industrielle_Mirela_Popa_\u00a9Mirela-Popa-Galerie-Fernand-Leger-Ville-dIvry-sur-Seine8-1-450x300.webp 450w, https:\/\/www.eco-innov.com\/wp-content\/uploads\/94_Paves_solaires_avec_pot_inox_Cheminee_Industrielle_Mirela_Popa_\u00a9Mirela-Popa-Galerie-Fernand-Leger-Ville-dIvry-sur-Seine8-1-330x220.webp 330w, https:\/\/www.eco-innov.com\/wp-content\/uploads\/94_Paves_solaires_avec_pot_inox_Cheminee_Industrielle_Mirela_Popa_\u00a9Mirela-Popa-Galerie-Fernand-Leger-Ville-dIvry-sur-Seine8-1-400x267.webp 400w, https:\/\/www.eco-innov.com\/wp-content\/uploads\/94_Paves_solaires_avec_pot_inox_Cheminee_Industrielle_Mirela_Popa_\u00a9Mirela-Popa-Galerie-Fernand-Leger-Ville-dIvry-sur-Seine8-1-365x243.webp 365w, https:\/\/www.eco-innov.com\/wp-content\/uploads\/94_Paves_solaires_avec_pot_inox_Cheminee_Industrielle_Mirela_Popa_\u00a9Mirela-Popa-Galerie-Fernand-Leger-Ville-dIvry-sur-Seine8-1-535x357.webp 535w\" sizes=\"(max-width: 1900px) 100vw, 1900px\" \/><button\n\t\t\tclass=\"lightbox-trigger\"\n\t\t\ttype=\"button\"\n\t\t\taria-haspopup=\"dialog\"\n\t\t\taria-label=\"Agrandar\"\n\t\t\tdata-wp-init=\"callbacks.initTriggerButton\"\n\t\t\tdata-wp-on--click=\"actions.showLightbox\"\n\t\t\tdata-wp-style--right=\"state.imageButtonRight\"\n\t\t\tdata-wp-style--top=\"state.imageButtonTop\"\n\t\t>\n\t\t\t<svg xmlns=\"http:\/\/www.w3.org\/2000\/svg\" width=\"12\" height=\"12\" fill=\"none\" viewBox=\"0 0 12 12\">\n\t\t\t\t<path fill=\"#fff\" d=\"M2 0a2 2 0 0 0-2 2v2h1.5V2a.5.5 0 0 1 .5-.5h2V0H2Zm2 10.5H2a.5.5 0 0 1-.5-.5V8H0v2a2 2 0 0 0 2 2h2v-1.5ZM8 12v-1.5h2a.5.5 0 0 0 .5-.5V8H12v2a2 2 0 0 1-2 2H8Zm2-12a2 2 0 0 1 2 2v2h-1.5V2a.5.5 0 0 0-.5-.5H8V0h2Z\" \/>\n\t\t\t<\/svg>\n\t\t<\/button><\/figure>\n\n\n\n<figure data-wp-context=\"{&quot;imageId&quot;:&quot;69f0ec320f4e5&quot;}\" data-wp-interactive=\"core\/image\" data-wp-key=\"69f0ec320f4e5\" class=\"wp-block-image size-full wp-lightbox-container\"><img decoding=\"async\" width=\"1267\" height=\"1900\" data-wp-class--hide=\"state.isContentHidden\" data-wp-class--show=\"state.isContentVisible\" data-wp-init=\"callbacks.setButtonStyles\" data-wp-on--click=\"actions.showLightbox\" data-wp-on--load=\"callbacks.setButtonStyles\" data-wp-on-window--resize=\"callbacks.setButtonStyles\" data-id=\"8071\" src=\"https:\/\/www.eco-innov.com\/wp-content\/uploads\/94_Paves_solaires_avec_pot_inox_Cheminee_Industrielle_Mirela_Popa_\u00a9Mirela-Popa-Galerie-Fernand-Leger-Ville-dIvry-sur-Seine13-1267x1900.webp\" alt=\"\" class=\"wp-image-8071\" srcset=\"https:\/\/www.eco-innov.com\/wp-content\/uploads\/94_Paves_solaires_avec_pot_inox_Cheminee_Industrielle_Mirela_Popa_\u00a9Mirela-Popa-Galerie-Fernand-Leger-Ville-dIvry-sur-Seine13-1267x1900.webp 1267w, https:\/\/www.eco-innov.com\/wp-content\/uploads\/94_Paves_solaires_avec_pot_inox_Cheminee_Industrielle_Mirela_Popa_\u00a9Mirela-Popa-Galerie-Fernand-Leger-Ville-dIvry-sur-Seine13-453x680.webp 453w, https:\/\/www.eco-innov.com\/wp-content\/uploads\/94_Paves_solaires_avec_pot_inox_Cheminee_Industrielle_Mirela_Popa_\u00a9Mirela-Popa-Galerie-Fernand-Leger-Ville-dIvry-sur-Seine13-683x1024.webp 683w, https:\/\/www.eco-innov.com\/wp-content\/uploads\/94_Paves_solaires_avec_pot_inox_Cheminee_Industrielle_Mirela_Popa_\u00a9Mirela-Popa-Galerie-Fernand-Leger-Ville-dIvry-sur-Seine13-768x1152.webp 768w, https:\/\/www.eco-innov.com\/wp-content\/uploads\/94_Paves_solaires_avec_pot_inox_Cheminee_Industrielle_Mirela_Popa_\u00a9Mirela-Popa-Galerie-Fernand-Leger-Ville-dIvry-sur-Seine13-1024x1536.webp 1024w, https:\/\/www.eco-innov.com\/wp-content\/uploads\/94_Paves_solaires_avec_pot_inox_Cheminee_Industrielle_Mirela_Popa_\u00a9Mirela-Popa-Galerie-Fernand-Leger-Ville-dIvry-sur-Seine13-1365x2048.webp 1365w, https:\/\/www.eco-innov.com\/wp-content\/uploads\/94_Paves_solaires_avec_pot_inox_Cheminee_Industrielle_Mirela_Popa_\u00a9Mirela-Popa-Galerie-Fernand-Leger-Ville-dIvry-sur-Seine13-880x1320.webp 880w, https:\/\/www.eco-innov.com\/wp-content\/uploads\/94_Paves_solaires_avec_pot_inox_Cheminee_Industrielle_Mirela_Popa_\u00a9Mirela-Popa-Galerie-Fernand-Leger-Ville-dIvry-sur-Seine13-660x990.webp 660w, https:\/\/www.eco-innov.com\/wp-content\/uploads\/94_Paves_solaires_avec_pot_inox_Cheminee_Industrielle_Mirela_Popa_\u00a9Mirela-Popa-Galerie-Fernand-Leger-Ville-dIvry-sur-Seine13-440x660.webp 440w, https:\/\/www.eco-innov.com\/wp-content\/uploads\/94_Paves_solaires_avec_pot_inox_Cheminee_Industrielle_Mirela_Popa_\u00a9Mirela-Popa-Galerie-Fernand-Leger-Ville-dIvry-sur-Seine13-300x450.webp 300w, https:\/\/www.eco-innov.com\/wp-content\/uploads\/94_Paves_solaires_avec_pot_inox_Cheminee_Industrielle_Mirela_Popa_\u00a9Mirela-Popa-Galerie-Fernand-Leger-Ville-dIvry-sur-Seine13-220x330.webp 220w, https:\/\/www.eco-innov.com\/wp-content\/uploads\/94_Paves_solaires_avec_pot_inox_Cheminee_Industrielle_Mirela_Popa_\u00a9Mirela-Popa-Galerie-Fernand-Leger-Ville-dIvry-sur-Seine13-267x400.webp 267w, https:\/\/www.eco-innov.com\/wp-content\/uploads\/94_Paves_solaires_avec_pot_inox_Cheminee_Industrielle_Mirela_Popa_\u00a9Mirela-Popa-Galerie-Fernand-Leger-Ville-dIvry-sur-Seine13-243x365.webp 243w, https:\/\/www.eco-innov.com\/wp-content\/uploads\/94_Paves_solaires_avec_pot_inox_Cheminee_Industrielle_Mirela_Popa_\u00a9Mirela-Popa-Galerie-Fernand-Leger-Ville-dIvry-sur-Seine13-357x535.webp 357w\" sizes=\"(max-width: 1267px) 100vw, 1267px\" \/><button\n\t\t\tclass=\"lightbox-trigger\"\n\t\t\ttype=\"button\"\n\t\t\taria-haspopup=\"dialog\"\n\t\t\taria-label=\"Agrandar\"\n\t\t\tdata-wp-init=\"callbacks.initTriggerButton\"\n\t\t\tdata-wp-on--click=\"actions.showLightbox\"\n\t\t\tdata-wp-style--right=\"state.imageButtonRight\"\n\t\t\tdata-wp-style--top=\"state.imageButtonTop\"\n\t\t>\n\t\t\t<svg xmlns=\"http:\/\/www.w3.org\/2000\/svg\" width=\"12\" height=\"12\" fill=\"none\" viewBox=\"0 0 12 12\">\n\t\t\t\t<path fill=\"#fff\" d=\"M2 0a2 2 0 0 0-2 2v2h1.5V2a.5.5 0 0 1 .5-.5h2V0H2Zm2 10.5H2a.5.5 0 0 1-.5-.5V8H0v2a2 2 0 0 0 2 2h2v-1.5ZM8 12v-1.5h2a.5.5 0 0 0 .5-.5V8H12v2a2 2 0 0 1-2 2H8Zm2-12a2 2 0 0 1 2 2v2h-1.5V2a.5.5 0 0 0-.5-.5H8V0h2Z\" \/>\n\t\t\t<\/svg>\n\t\t<\/button><\/figure>\n<\/figure>\n\n\n\n<h2 class=\"wp-block-heading\"><span><strong>Estudio de caso: una segunda vida para una chimenea industrial, reinventada por la luz<\/strong><\/span><\/h2>\n\n\n\n<p>El proyecto <strong>\u00abEn cas de doute horizon 6\u00bb<\/strong>, ideado por la artista <strong>Mirela Popa<\/strong> en la comuna de Ivry-sur-Seine, ilustra perfectamente este enfoque: una obra de luz concebida como <strong>herramienta para una lectura sensible de la zona<\/strong>, en la encrucijada de la arqueolog\u00eda, la narrativa y la creaci\u00f3n contempor\u00e1nea.<\/p>\n\n\n\n<p>El proyecto forma parte de un enfoque colectivo e interdisciplinar. Como explica el artista, \u00abeste proyecto no es s\u00f3lo t\u00e9cnico o decorativo. Es una reflexi\u00f3n global sobre el yacimiento, realizada en colaboraci\u00f3n con artistas visuales y arque\u00f3logos\u00bb. La luz se convierte as\u00ed en un lenguaje, capaz de revelar sin imponer.  <\/p>\n\n\n\n<p>La instalaci\u00f3n se basa en una franja luminosa que sigue la l\u00ednea del recinto arqueol\u00f3gico identificado sobre el terreno, en referencia a los restos de <strong>25 casas neol\u00edticas<\/strong>. Act\u00faa como una se\u00f1al discreta en el paisaje nocturno, evocando la memoria del yacimiento sin congelarlo. <\/p>\n\n\n\n<p>Las balizas de iluminaci\u00f3n a lo largo del recorrido se inspiran en fragmentos de cer\u00e1mica encontrados durante las excavaciones. Su funci\u00f3n no es dar una respuesta definitiva, sino abrir un campo de interpretaci\u00f3n. \u00abLas balizas de iluminaci\u00f3n son una homotecia de fragmentos de cer\u00e1mica: dan indicaciones de periodos y fechas, pero dejan deliberadamente una plaza para las preguntas\u00bb, explica Mirela Popa.  <\/p>\n\n\n\n<p>El t\u00edtulo del proyecto se hace eco directamente de una clasificaci\u00f3n arqueol\u00f3gica: \u00abCuando los arque\u00f3logos encontraban un fragmento del que no estaban seguros, dec\u00edan \u00aben caso de duda, lo pondremos en el horizonte 6\u00bb. Esta duda se convirti\u00f3 en la materia del proyecto. De este modo, la luz act\u00faa como una met\u00e1fora, portadora de posibles historias, visible sobre todo por la noche. <\/p>\n\n\n\n<p>Concebida como una obra viva, la instalaci\u00f3n forma parte de la vida cotidiana. En invierno, la luz persiste en la oscuridad, y luego se desvanece gradualmente con el d\u00eda. \u00abMe han hablado de una sensaci\u00f3n de chispa que perdura y se desvanece a medida que avanza la ma\u00f1ana\u00bb, dice el artista.  <\/p>\n\n\n\n<p><strong>ECO-INNOV<\/strong> fue elegida para apoyar este exigente proceso por su experiencia de trabajo con artistas y la calidad de los debates. \u00abHay una verdadera capacidad para escuchar y prestar atenci\u00f3n al proyecto\u00bb, subraya Mirela Popa. Las soluciones aplicadas favorecen la autonom\u00eda, el bajo consumo energ\u00e9tico y el respeto al medio ambiente, demostrando que es posible conciliar <strong>un alto nivel art\u00edstico, la sostenibilidad y la atenci\u00f3n al medio ambiente vital<\/strong>.  <\/p>\n\n\n\n<p>El uso de soluciones solares desempe\u00f1\u00f3 un papel decisivo en la realizaci\u00f3n del proyecto. La autosuficiencia energ\u00e9tica de los sistemas permite <strong>una instalaci\u00f3n ligera<\/strong>, sin conexi\u00f3n a la red, lo que limita las obras, los costes de infraestructura y el impacto en el emplazamiento existente. Esta sencillez de implantaci\u00f3n es especialmente adecuada para espacios p\u00fablicos sensibles, lugares patrimoniales o zonas en transformaci\u00f3n, donde las obras deben ser discretas y reversibles.<br>En este proyecto, la energ\u00eda solar no es s\u00f3lo una opci\u00f3n t\u00e9cnica, sino una <strong>extensi\u00f3n coherente del enfoque art\u00edstico y ecol\u00f3gico<\/strong>. Permite crear una obra de luz significativa, visible y simb\u00f3lica, al tiempo que demuestra que es posible iluminar <strong>una zona sin consumir m\u00e1s<\/strong> energ\u00eda ni alterar el equilibrio de la vida.   <\/p>\n\n\n\n<div style=\"height:50px\" aria-hidden=\"true\" class=\"wp-block-spacer\"><\/div>\n\n\n\n<\/div>\n<div id=\"block-hero-block_ff7f607ffaa2658d52223c2ba51148d4\" class=\"container-fluid txt_media_part  block-hero\">\n    <div class=\"row\">\n        <div class=\"col-12 col-lg-6 col-xl-6 px-0 media order-1 order-lg-1\">\n            <img decoding=\"async\" src=\"https:\/\/www.eco-innov.com\/wp-content\/uploads\/Mirela_Popa.webp\" alt=\"Mirela Popa\" class=\"img-fluid\">        <\/div>\n        <div class=\"col-12 col-lg-6 col-xl-6 col-xxl-5 px-xl-5 pt-5 pt-lg-0 txt order-2 order-lg-2 d-flex align-items-center\">\n            <div class=\"txt_part\">\n            <div class=\"content\"><h2>Sobre el artista<\/h2>\n<p>Mirela Popa desarrolla una pr\u00e1ctica art\u00edstica vinculada a la historia de los territorios y a las huellas que conservan. Tras participar durante cuatro a\u00f1os en las excavaciones arqueol\u00f3gicas realizadas por el Inrap en Ivry, dise\u00f1\u00f3 En cas de doute, Horizonte 6, una obra luminosa inspirada en los m\u00e9todos arqueol\u00f3gicos, met\u00e1fora de un territorio cambiante y de su v\u00ednculo con la historia, desde el Neol\u00edtico hasta nuestros d\u00edas. <\/p>\n<\/div>            <\/div>\n        <\/div>\n    <\/div>\n\n<\/div>\n\n<div class=\"container\">\n\n\n<div style=\"height:50px\" aria-hidden=\"true\" class=\"wp-block-spacer\"><\/div>\n","protected":false},"excerpt":{"rendered":"<p>La iluminaci\u00f3n como herramienta de regeneraci\u00f3n urbana Una iluminaci\u00f3n bien pensada contribuye a : Frente a un enfoque cuantitativo basado \u00fanicamente en los niveles de iluminaci\u00f3n, los proyectos m\u00e1s virtuosos hoy en d\u00eda favorecen un enfoque cualitativo: jugar con los contrastes, revelar los vol\u00famenes, apoyar los usos y respetar la noche. Construir una firma luminosa [&hellip;]<\/p>\n","protected":false},"featured_media":8057,"template":"","meta":{"_acf_changed":false,"inline_featured_image":false},"news-category":[399],"class_list":["post-9294","news","type-news","status-publish","has-post-thumbnail","hentry","news-category-proyecto"],"acf":[],"_links":{"self":[{"href":"https:\/\/www.eco-innov.com\/es\/wp-json\/wp\/v2\/news\/9294","targetHints":{"allow":["GET"]}}],"collection":[{"href":"https:\/\/www.eco-innov.com\/es\/wp-json\/wp\/v2\/news"}],"about":[{"href":"https:\/\/www.eco-innov.com\/es\/wp-json\/wp\/v2\/types\/news"}],"wp:featuredmedia":[{"embeddable":true,"href":"https:\/\/www.eco-innov.com\/es\/wp-json\/wp\/v2\/media\/8057"}],"wp:attachment":[{"href":"https:\/\/www.eco-innov.com\/es\/wp-json\/wp\/v2\/media?parent=9294"}],"wp:term":[{"taxonomy":"news-category","embeddable":true,"href":"https:\/\/www.eco-innov.com\/es\/wp-json\/wp\/v2\/news-category?post=9294"}],"curies":[{"name":"wp","href":"https:\/\/api.w.org\/{rel}","templated":true}]}}