{"id":9297,"date":"2018-06-02T09:58:00","date_gmt":"2018-06-02T07:58:00","guid":{"rendered":"https:\/\/www.eco-innov.com\/actualites\/beleuchtung-zur-foerderung-sanfter-mobilitaet\/"},"modified":"2026-04-23T16:22:50","modified_gmt":"2026-04-23T14:22:50","slug":"beleuchtung-zur-foerderung-sanfter-mobilitaet","status":"publish","type":"news","link":"https:\/\/www.eco-innov.com\/de\/aktuelles\/beleuchtung-zur-foerderung-sanfter-mobilitaet\/","title":{"rendered":"Beleuchtung zur F\u00f6rderung sanfter Mobilit\u00e4t"},"content":{"rendered":"<\/div>\n<div id=\"block-hero-block_223f4b9e15a884c6d2c9235c330c4ae0\" class=\"container-fluid header_news_part px-0  block-hero\">\n    <div class=\"container\">\n        <div class=\"row\">\n            <div class=\"col-12\">\n                <nav aria-label=\"breadcrumbs\" class=\"rank-math-breadcrumb\"><p><span class=\"last\">Startseite<\/span><\/p><\/nav>                <h1 class=\"with_line with_line_lg\"><span>Beleuchtung zur F\u00f6rderung sanfter Mobilit\u00e4t<\/span><\/h1>\n                <div class=\"tags_part mb-5\">\n                    <span class=\"badge white\">Projekt<\/span>                <\/div>\n\n\n                            <\/div>\n        <\/div>\n\n\n    <\/div>\n<\/div>\n<div class=\"container\">\n\n\n\n\n\n\n<div style=\"height:50px\" aria-hidden=\"true\" class=\"wp-block-spacer\"><\/div>\n\n\n\n<\/div>\n<div id=\"block-hero-block_0cb5d963a139aff07b4236675ffc1609\" class=\"container-fluid txt_media_part  block-hero\">\n    <div class=\"row\">\n        <div class=\"col-12 col-lg-6 col-xl-6 px-0 media order-1 order-lg-1\">\n            <img decoding=\"async\" src=\"https:\/\/www.eco-innov.com\/wp-content\/uploads\/44_ECO-143_Chaume_en_Retz_\u00a9Stephane_Lelasseux-2.webp\" alt=\"\" class=\"img-fluid\">        <\/div>\n        <div class=\"col-12 col-lg-6 col-xl-6 col-xxl-5 px-xl-5 pt-5 pt-lg-0 txt order-2 order-lg-2 d-flex align-items-center\">\n            <div class=\"txt_part\">\n            <div class=\"content\"><p>Die Gemeinde Chaumes-en-Retz, die an der Hauptverkehrsachse zwischen Pornic und Nantes liegt, f\u00fchrte k\u00fcrzlich eine Planungsstudie durch, um den Komfort und die Sicherheit der Nutzer ihres Fu\u00dfg\u00e4ngerweges zu verbessern. Dieser f\u00fcr die sanfte Mobilit\u00e4t wichtige Weg litt unter mangelnder Nutzung, insbesondere aufgrund mangelnder Sichtbarkeit in der Nacht. <\/p>\n<p>Um dieses Problem zu l\u00f6sen, wandte sich die Gemeinde an das Fachwissen von ECO-INNOV, die sich auf nachhaltige LED-Lichtmarkierungen spezialisiert hat.<\/p>\n<\/div>            <\/div>\n        <\/div>\n    <\/div>\n\n<\/div>\n\n<div class=\"container\">\n\n\n<div style=\"height:50px\" aria-hidden=\"true\" class=\"wp-block-spacer\"><\/div>\n\n\n\n<\/div>\n<div id=\"block-hero-block_5e75629960d291d37aee5e1dd71be05b\" class=\"container-fluid txt_media_part  block-hero\">\n    <div class=\"row\">\n        <div class=\"col-12 col-lg-6 col-xl-6 px-0 media order-1 order-lg-2\">\n            <img decoding=\"async\" src=\"https:\/\/www.eco-innov.com\/wp-content\/uploads\/44_ECO-143_Chaume_en_Retz_\u00a9Stephane_Lelasseux-32.webp\" alt=\"\" class=\"img-fluid\">        <\/div>\n        <div class=\"col-12 col-lg-6 col-xl-6 col-xxl-5 px-xl-5 pt-5 pt-lg-0 txt order-2 order-lg-1 offset-xxl-1 d-flex align-items-center\">\n            <div class=\"txt_part\">\n            <div class=\"content\"><h2>Eine Solar-L\u00f6sung, die den Standortanforderungen entspricht<\/h2>\n<p>Eine der gr\u00f6\u00dften Schwierigkeiten bei diesem Projekt bestand darin, dass keine Kabel f\u00fcr die herk\u00f6mmliche Beleuchtung verlegt werden konnten. Die L\u00f6sung war ein Solar Lichtmarkierungssystem, das die Einbauleuchten ECO-143 verwendet. &#8222;Dieses widerstandsf\u00e4hige und einfach zu installierende Produkt muss nur in den Asphalt gebohrt und mit einem speziellen Klebstoff verklebt werden&#8220;, erkl\u00e4rt Sylvain Lou\u00ebrat, ein an dem Projekt beteiligter Elektriker.  <\/p>\n<p>Neben ihrer Energieautonomie wurden die Anlagen so konzipiert, dass sie sich harmonisch in die Umwelt einf\u00fcgen. Die Einbauleuchten strahlen ein bernsteinfarbenes Licht aus, das die Auswirkungen auf die lokale Flora und Fauna verringert und gleichzeitig die Blendung auf den angrenzenden Stra\u00dfen begrenzt. <\/p>\n<\/div>            <\/div>\n        <\/div>\n    <\/div>\n\n<\/div>\n\n<div class=\"container\">\n\n\n<div style=\"height:50px\" aria-hidden=\"true\" class=\"wp-block-spacer\"><\/div>\n\n\n\n<\/div>\n<div id=\"block-hero-block_cee7aa9ab7d27a17d4cec6ce0922c4d6\" class=\"container-fluid txt_media_part  block-hero\">\n    <div class=\"row\">\n        <div class=\"col-12 col-lg-6 col-xl-6 px-0 media order-1 order-lg-1\">\n            <img decoding=\"async\" src=\"https:\/\/www.eco-innov.com\/wp-content\/uploads\/44_ECO-143_Chaume_en_Retz_\u00a9Stephane_Lelasseux-25.webp\" alt=\"\" class=\"img-fluid\">        <\/div>\n        <div class=\"col-12 col-lg-6 col-xl-6 col-xxl-5 px-xl-5 pt-5 pt-lg-0 txt order-2 order-lg-2 d-flex align-items-center\">\n            <div class=\"txt_part\">\n            <div class=\"content\"><h2>Synchronisation mit der \u00f6ffentlichen Beleuchtung<\/h2>\n<p>Das Einschaltsystem ist so programmiert, dass es den Zeiten der \u00f6ffentlichen Beleuchtung folgt. So werden die Pf\u00e4hle bei D\u00e4mmerung eingeschaltet und um 22 Uhr ausgeschaltet, bevor sie um 6 Uhr morgens wieder eingeschaltet werden, um die Sicherheit der Verkehrsteilnehmer ohne \u00fcberm\u00e4\u00dfigen Energieverbrauch zu gew\u00e4hrleisten. <\/p>\n<\/div>            <\/div>\n        <\/div>\n    <\/div>\n\n<\/div>\n\n<div class=\"container\">\n\n\n<div style=\"height:50px\" aria-hidden=\"true\" class=\"wp-block-spacer\"><\/div>\n\n\n\n<\/div>\n<div id=\"block-hero-block_e90f490323025be996028d6463607843\" class=\"container-fluid txt_media_part  block-hero\">\n    <div class=\"row\">\n        <div class=\"col-12 col-lg-6 col-xl-6 px-0 media order-1 order-lg-2\">\n            <img decoding=\"async\" src=\"https:\/\/www.eco-innov.com\/wp-content\/uploads\/44_ECO-143_Velodyssee_\u00a9CamilleSaada-9.webp\" alt=\"\" class=\"img-fluid\">        <\/div>\n        <div class=\"col-12 col-lg-6 col-xl-6 col-xxl-5 px-xl-5 pt-5 pt-lg-0 txt order-2 order-lg-1 offset-xxl-1 d-flex align-items-center\">\n            <div class=\"txt_part\">\n            <div class=\"content\"><h2>Ein von den Nutzern bef\u00fcrwortetes Projekt<\/h2>\n<p>In der ersten Phase des Platzes wurden 53 Solaranlagen auf einer Strecke von einem Kilometer installiert. Die R\u00fcckmeldungen von Fu\u00dfg\u00e4ngern und Radfahrern waren sehr positiv und \u00fcberzeugten die Gemeinden, die Installation um weitere 500 Meter zu verl\u00e4ngern. &#8222;Die Nutzer sind mit dieser praktischen und \u00e4sthetischen L\u00f6sung zufrieden&#8220;, f\u00fcgte Sylvain Lou\u00ebrat hinzu.  <\/p>\n<p>Mit dieser Initiative bekr\u00e4ftigt Chaumes-en-Retz sein Engagement f\u00fcr innovative, nachhaltige und umweltfreundliche Beleuchtungsl\u00f6sungen.<\/p>\n<p><strong>Foto\/Video:<\/strong> \u00a9 Stephane Lelasseux<\/p>\n<\/div>            <\/div>\n        <\/div>\n    <\/div>\n\n<\/div>\n\n<div class=\"container\">\n\n\n<div style=\"height:50px\" aria-hidden=\"true\" class=\"wp-block-spacer\"><\/div>\n","protected":false},"excerpt":{"rendered":"<p>Die Gemeinde Chaumes-en-Retz, die an der Hauptverkehrsachse zwischen Pornic und Nantes liegt, f\u00fchrte k\u00fcrzlich eine Planungsstudie durch, um den Komfort und die Sicherheit der Nutzer ihres Fu\u00dfg\u00e4ngerweges zu verbessern. Dieser f\u00fcr die sanfte Mobilit\u00e4t wichtige Weg litt unter mangelnder Nutzung, insbesondere aufgrund mangelnder Sichtbarkeit in der Nacht. <\/p>\n","protected":false},"featured_media":8077,"template":"","meta":{"_acf_changed":false,"inline_featured_image":false},"news-category":[495],"class_list":["post-9297","news","type-news","status-publish","has-post-thumbnail","hentry","news-category-projekt"],"acf":[],"_links":{"self":[{"href":"https:\/\/www.eco-innov.com\/de\/wp-json\/wp\/v2\/news\/9297","targetHints":{"allow":["GET"]}}],"collection":[{"href":"https:\/\/www.eco-innov.com\/de\/wp-json\/wp\/v2\/news"}],"about":[{"href":"https:\/\/www.eco-innov.com\/de\/wp-json\/wp\/v2\/types\/news"}],"wp:featuredmedia":[{"embeddable":true,"href":"https:\/\/www.eco-innov.com\/de\/wp-json\/wp\/v2\/media\/8077"}],"wp:attachment":[{"href":"https:\/\/www.eco-innov.com\/de\/wp-json\/wp\/v2\/media?parent=9297"}],"wp:term":[{"taxonomy":"news-category","embeddable":true,"href":"https:\/\/www.eco-innov.com\/de\/wp-json\/wp\/v2\/news-category?post=9297"}],"curies":[{"name":"wp","href":"https:\/\/api.w.org\/{rel}","templated":true}]}}