{"id":9295,"date":"2018-01-18T17:57:00","date_gmt":"2018-01-18T16:57:00","guid":{"rendered":"https:\/\/www.eco-innov.com\/actualites\/die-wiederverzauberung-des-oeffentlichen-raums-licht-als-motor-fuer-wohlbefinden-und-lokale-attraktivitaet\/"},"modified":"2026-04-23T16:21:32","modified_gmt":"2026-04-23T14:21:32","slug":"die-wiederverzauberung-des-oeffentlichen-raums-licht-als-motor-fuer-wohlbefinden-und-lokale-attraktivitaet","status":"publish","type":"news","link":"https:\/\/www.eco-innov.com\/de\/aktuelles\/die-wiederverzauberung-des-oeffentlichen-raums-licht-als-motor-fuer-wohlbefinden-und-lokale-attraktivitaet\/","title":{"rendered":"Die Wiederverzauberung des \u00f6ffentlichen Raums: Licht als Motor f\u00fcr Wohlbefinden und lokale Attraktivit\u00e4t"},"content":{"rendered":"<\/div>\n<div id=\"block-hero-block_70424669b30b0f80f32ca05ff5395d11\" class=\"container-fluid header_news_part px-0  block-hero\">\n    <div class=\"container\">\n        <div class=\"row\">\n            <div class=\"col-12\">\n                <nav aria-label=\"breadcrumbs\" class=\"rank-math-breadcrumb\"><p><span class=\"last\">Startseite<\/span><\/p><\/nav>                <h1 class=\"with_line with_line_lg\"><span>Die Wiederverzauberung des \u00f6ffentlichen Raums: Licht als Motor f\u00fcr Wohlbefinden und lokale Attraktivit\u00e4t<\/span><\/h1>\n                <div class=\"tags_part mb-5\">\n                    <span class=\"badge white\">Projekt<\/span>                <\/div>\n\n\n                            <\/div>\n        <\/div>\n\n\n    <\/div>\n<\/div>\n<div class=\"container\">\n\n\n\n\n\n\n<div style=\"height:50px\" aria-hidden=\"true\" class=\"wp-block-spacer\"><\/div>\n\n\n\n<\/div>\n<div id=\"block-hero-block_8722e3255666a78123c2b7fb01a39461\" class=\"container-fluid txt_media_part  block-hero\">\n    <div class=\"row\">\n        <div class=\"col-12 col-lg-6 col-xl-6 px-0 media order-1 order-lg-1\">\n            <img decoding=\"async\" src=\"https:\/\/www.eco-innov.com\/wp-content\/uploads\/94_Paves_solaires_avec_pot_inox_Cheminee_Industrielle_Mirela_Popa_\u00a9Mirela-Popa-Galerie-Fernand-Leger-Ville-dIvry-sur-Seine8.webp\" alt=\"\" class=\"img-fluid\">        <\/div>\n        <div class=\"col-12 col-lg-6 col-xl-6 col-xxl-5 px-xl-5 pt-5 pt-lg-0 txt order-2 order-lg-2 d-flex align-items-center\">\n            <div class=\"txt_part\">\n            <div class=\"content\"><p>In einer Zeit, in der die Gebietsk\u00f6rperschaften mit starken Haushaltszw\u00e4ngen und erh\u00f6hten Anforderungen an die Energieeinsparung konfrontiert sind, ist die \u00f6ffentliche Beleuchtung nicht mehr nur ein funktionelles Werkzeug, sondern ein echter Hebel zur Aufwertung des Territoriums. Die Beleuchtung kann die lokale Identit\u00e4t st\u00e4rken, das Lebensumfeld verbessern und manchmal vernachl\u00e4ssigten R\u00e4umen einen neuen Sinn verleihen. <\/p>\n<p>Die Herausforderung ist klar: einen sichtbaren und positiven Eindruck zu hinterlassen, ohne \u00fcberm\u00e4\u00dfige Kosten zu verursachen oder den Energieverbrauch zu erh\u00f6hen. In diesem Zusammenhang scheint Licht ein besonders geeignetes Medium zu sein, vorausgesetzt, es wird inszeniert und bedacht. <\/p>\n<\/div>            <\/div>\n        <\/div>\n    <\/div>\n\n<\/div>\n\n<div class=\"container\">\n\n\n<div style=\"height:50px\" aria-hidden=\"true\" class=\"wp-block-spacer\"><\/div>\n\n\n\n<h2 class=\"wp-block-heading\"><span><strong>Licht als Instrument der Stadterneuerung<\/strong><\/span><\/h2>\n\n\n\n<p>Eine gut durchdachte Beleuchtung tr\u00e4gt dazu bei, :<\/p>\n\n\n\n<ul class=\"wp-block-list\">\n<li>Wiederbelebung der Stadtzentren, indem die R\u00e4ume lesbarer, einladender und sicherer gemacht werden;<\/li>\n\n\n\n<li>Aufwertung des historischen, industriellen oder landschaftlichen Erbes ;<\/li>\n\n\n\n<li>Wiederherstellung der Identit\u00e4t ohne aufw\u00e4ndige Landschaftsgestaltung.<\/li>\n<\/ul>\n\n\n\n<p>Im Gegensatz zu einem quantitativen Ansatz, der sich ausschlie\u00dflich auf die Lichtst\u00e4rke st\u00fctzt, bevorzugen die umweltfreundlichsten Projekte heute eine <strong>qualitative Logik<\/strong>: Spiel mit Kontrasten, Enth\u00fcllung von Volumen, Unterst\u00fctzung der Nutzung und Respekt vor der Nacht.<\/p>\n\n\n\n<h2 class=\"wp-block-heading\"><span><strong>Aufbau einer nachhaltigen und sparsamen Lichtsignatur<\/strong><\/span><\/h2>\n\n\n\n<p>Die auf <a href=\"https:\/\/www.lec.fr\/\" target=\"_blank\" rel=\"noopener\">LEC-<\/a> und ECO-INNOV-Technologien basierenden L\u00f6sungen f\u00fcr die szenische Beleuchtung erm\u00f6glichen es, :<\/p>\n\n\n\n<ul class=\"wp-block-list\">\n<li>Energiemanagement (reduzierter Verbrauch, intelligentes Management, zeitliche Steuerung der Beleuchtung),<\/li>\n\n\n\n<li>Nachhaltigkeit (langlebige Materialien, optimierte Wartung),<\/li>\n\n\n\n<li>\u00c4sthetische und emotionale Dimension, die f\u00fcr die Eigenverantwortung der B\u00fcrger von entscheidender Bedeutung ist.<\/li>\n<\/ul>\n\n\n\n<p>Das Ziel ist nicht, mehr zu beleuchten, sondern <strong>besser zu beleuchten<\/strong>: eine erkennbare Lichtsignatur zu schaffen, die mit der Geschichte und der Nutzung des Territoriums \u00fcbereinstimmt und gleichzeitig die Umweltauswirkungen begrenzt.<\/p>\n\n\n\n<div style=\"height:50px\" aria-hidden=\"true\" class=\"wp-block-spacer\"><\/div>\n\n\n\n<figure class=\"wp-block-gallery has-nested-images columns-3 is-cropped wp-block-gallery-1 is-layout-flex wp-block-gallery-is-layout-flex\">\n<figure data-wp-context=\"{&quot;imageId&quot;:&quot;69f0ec4333283&quot;}\" data-wp-interactive=\"core\/image\" data-wp-key=\"69f0ec4333283\" class=\"wp-block-image size-full wp-lightbox-container\"><img decoding=\"async\" width=\"1267\" height=\"1900\" data-wp-class--hide=\"state.isContentHidden\" data-wp-class--show=\"state.isContentVisible\" data-wp-init=\"callbacks.setButtonStyles\" data-wp-on--click=\"actions.showLightbox\" data-wp-on--load=\"callbacks.setButtonStyles\" data-wp-on-window--resize=\"callbacks.setButtonStyles\" data-id=\"8063\" src=\"https:\/\/www.eco-innov.com\/wp-content\/uploads\/94_Paves_solaires_avec_pot_inox_Cheminee_Industrielle_Mirela_Popa_\u00a9Mirela-Popa-Galerie-Fernand-Leger-Ville-dIvry-sur-Seine5-1267x1900.webp\" alt=\"\" class=\"wp-image-8063\" srcset=\"https:\/\/www.eco-innov.com\/wp-content\/uploads\/94_Paves_solaires_avec_pot_inox_Cheminee_Industrielle_Mirela_Popa_\u00a9Mirela-Popa-Galerie-Fernand-Leger-Ville-dIvry-sur-Seine5-1267x1900.webp 1267w, https:\/\/www.eco-innov.com\/wp-content\/uploads\/94_Paves_solaires_avec_pot_inox_Cheminee_Industrielle_Mirela_Popa_\u00a9Mirela-Popa-Galerie-Fernand-Leger-Ville-dIvry-sur-Seine5-453x680.webp 453w, https:\/\/www.eco-innov.com\/wp-content\/uploads\/94_Paves_solaires_avec_pot_inox_Cheminee_Industrielle_Mirela_Popa_\u00a9Mirela-Popa-Galerie-Fernand-Leger-Ville-dIvry-sur-Seine5-683x1024.webp 683w, https:\/\/www.eco-innov.com\/wp-content\/uploads\/94_Paves_solaires_avec_pot_inox_Cheminee_Industrielle_Mirela_Popa_\u00a9Mirela-Popa-Galerie-Fernand-Leger-Ville-dIvry-sur-Seine5-768x1152.webp 768w, https:\/\/www.eco-innov.com\/wp-content\/uploads\/94_Paves_solaires_avec_pot_inox_Cheminee_Industrielle_Mirela_Popa_\u00a9Mirela-Popa-Galerie-Fernand-Leger-Ville-dIvry-sur-Seine5-1024x1536.webp 1024w, https:\/\/www.eco-innov.com\/wp-content\/uploads\/94_Paves_solaires_avec_pot_inox_Cheminee_Industrielle_Mirela_Popa_\u00a9Mirela-Popa-Galerie-Fernand-Leger-Ville-dIvry-sur-Seine5-1366x2048.webp 1366w, https:\/\/www.eco-innov.com\/wp-content\/uploads\/94_Paves_solaires_avec_pot_inox_Cheminee_Industrielle_Mirela_Popa_\u00a9Mirela-Popa-Galerie-Fernand-Leger-Ville-dIvry-sur-Seine5-880x1320.webp 880w, https:\/\/www.eco-innov.com\/wp-content\/uploads\/94_Paves_solaires_avec_pot_inox_Cheminee_Industrielle_Mirela_Popa_\u00a9Mirela-Popa-Galerie-Fernand-Leger-Ville-dIvry-sur-Seine5-660x990.webp 660w, https:\/\/www.eco-innov.com\/wp-content\/uploads\/94_Paves_solaires_avec_pot_inox_Cheminee_Industrielle_Mirela_Popa_\u00a9Mirela-Popa-Galerie-Fernand-Leger-Ville-dIvry-sur-Seine5-440x660.webp 440w, https:\/\/www.eco-innov.com\/wp-content\/uploads\/94_Paves_solaires_avec_pot_inox_Cheminee_Industrielle_Mirela_Popa_\u00a9Mirela-Popa-Galerie-Fernand-Leger-Ville-dIvry-sur-Seine5-300x450.webp 300w, https:\/\/www.eco-innov.com\/wp-content\/uploads\/94_Paves_solaires_avec_pot_inox_Cheminee_Industrielle_Mirela_Popa_\u00a9Mirela-Popa-Galerie-Fernand-Leger-Ville-dIvry-sur-Seine5-220x330.webp 220w, https:\/\/www.eco-innov.com\/wp-content\/uploads\/94_Paves_solaires_avec_pot_inox_Cheminee_Industrielle_Mirela_Popa_\u00a9Mirela-Popa-Galerie-Fernand-Leger-Ville-dIvry-sur-Seine5-267x400.webp 267w, https:\/\/www.eco-innov.com\/wp-content\/uploads\/94_Paves_solaires_avec_pot_inox_Cheminee_Industrielle_Mirela_Popa_\u00a9Mirela-Popa-Galerie-Fernand-Leger-Ville-dIvry-sur-Seine5-243x365.webp 243w, https:\/\/www.eco-innov.com\/wp-content\/uploads\/94_Paves_solaires_avec_pot_inox_Cheminee_Industrielle_Mirela_Popa_\u00a9Mirela-Popa-Galerie-Fernand-Leger-Ville-dIvry-sur-Seine5-357x535.webp 357w\" sizes=\"(max-width: 1267px) 100vw, 1267px\" \/><button\n\t\t\tclass=\"lightbox-trigger\"\n\t\t\ttype=\"button\"\n\t\t\taria-haspopup=\"dialog\"\n\t\t\taria-label=\"Vergr\u00f6\u00dfern\"\n\t\t\tdata-wp-init=\"callbacks.initTriggerButton\"\n\t\t\tdata-wp-on--click=\"actions.showLightbox\"\n\t\t\tdata-wp-style--right=\"state.imageButtonRight\"\n\t\t\tdata-wp-style--top=\"state.imageButtonTop\"\n\t\t>\n\t\t\t<svg xmlns=\"http:\/\/www.w3.org\/2000\/svg\" width=\"12\" height=\"12\" fill=\"none\" viewBox=\"0 0 12 12\">\n\t\t\t\t<path fill=\"#fff\" d=\"M2 0a2 2 0 0 0-2 2v2h1.5V2a.5.5 0 0 1 .5-.5h2V0H2Zm2 10.5H2a.5.5 0 0 1-.5-.5V8H0v2a2 2 0 0 0 2 2h2v-1.5ZM8 12v-1.5h2a.5.5 0 0 0 .5-.5V8H12v2a2 2 0 0 1-2 2H8Zm2-12a2 2 0 0 1 2 2v2h-1.5V2a.5.5 0 0 0-.5-.5H8V0h2Z\" \/>\n\t\t\t<\/svg>\n\t\t<\/button><\/figure>\n\n\n\n<figure data-wp-context=\"{&quot;imageId&quot;:&quot;69f0ec433386b&quot;}\" data-wp-interactive=\"core\/image\" data-wp-key=\"69f0ec433386b\" class=\"wp-block-image size-full wp-lightbox-container\"><img decoding=\"async\" width=\"1900\" height=\"1267\" data-wp-class--hide=\"state.isContentHidden\" data-wp-class--show=\"state.isContentVisible\" data-wp-init=\"callbacks.setButtonStyles\" data-wp-on--click=\"actions.showLightbox\" data-wp-on--load=\"callbacks.setButtonStyles\" data-wp-on-window--resize=\"callbacks.setButtonStyles\" data-id=\"8067\" src=\"https:\/\/www.eco-innov.com\/wp-content\/uploads\/94_Paves_solaires_avec_pot_inox_Cheminee_Industrielle_Mirela_Popa_\u00a9Mirela-Popa-Galerie-Fernand-Leger-Ville-dIvry-sur-Seine8-1-1900x1267.webp\" alt=\"\" class=\"wp-image-8067\" srcset=\"https:\/\/www.eco-innov.com\/wp-content\/uploads\/94_Paves_solaires_avec_pot_inox_Cheminee_Industrielle_Mirela_Popa_\u00a9Mirela-Popa-Galerie-Fernand-Leger-Ville-dIvry-sur-Seine8-1-1900x1267.webp 1900w, https:\/\/www.eco-innov.com\/wp-content\/uploads\/94_Paves_solaires_avec_pot_inox_Cheminee_Industrielle_Mirela_Popa_\u00a9Mirela-Popa-Galerie-Fernand-Leger-Ville-dIvry-sur-Seine8-1-680x453.webp 680w, https:\/\/www.eco-innov.com\/wp-content\/uploads\/94_Paves_solaires_avec_pot_inox_Cheminee_Industrielle_Mirela_Popa_\u00a9Mirela-Popa-Galerie-Fernand-Leger-Ville-dIvry-sur-Seine8-1-1024x683.webp 1024w, https:\/\/www.eco-innov.com\/wp-content\/uploads\/94_Paves_solaires_avec_pot_inox_Cheminee_Industrielle_Mirela_Popa_\u00a9Mirela-Popa-Galerie-Fernand-Leger-Ville-dIvry-sur-Seine8-1-768x512.webp 768w, https:\/\/www.eco-innov.com\/wp-content\/uploads\/94_Paves_solaires_avec_pot_inox_Cheminee_Industrielle_Mirela_Popa_\u00a9Mirela-Popa-Galerie-Fernand-Leger-Ville-dIvry-sur-Seine8-1-1536x1024.webp 1536w, https:\/\/www.eco-innov.com\/wp-content\/uploads\/94_Paves_solaires_avec_pot_inox_Cheminee_Industrielle_Mirela_Popa_\u00a9Mirela-Popa-Galerie-Fernand-Leger-Ville-dIvry-sur-Seine8-1-2048x1365.webp 2048w, https:\/\/www.eco-innov.com\/wp-content\/uploads\/94_Paves_solaires_avec_pot_inox_Cheminee_Industrielle_Mirela_Popa_\u00a9Mirela-Popa-Galerie-Fernand-Leger-Ville-dIvry-sur-Seine8-1-1320x880.webp 1320w, https:\/\/www.eco-innov.com\/wp-content\/uploads\/94_Paves_solaires_avec_pot_inox_Cheminee_Industrielle_Mirela_Popa_\u00a9Mirela-Popa-Galerie-Fernand-Leger-Ville-dIvry-sur-Seine8-1-990x660.webp 990w, https:\/\/www.eco-innov.com\/wp-content\/uploads\/94_Paves_solaires_avec_pot_inox_Cheminee_Industrielle_Mirela_Popa_\u00a9Mirela-Popa-Galerie-Fernand-Leger-Ville-dIvry-sur-Seine8-1-660x440.webp 660w, https:\/\/www.eco-innov.com\/wp-content\/uploads\/94_Paves_solaires_avec_pot_inox_Cheminee_Industrielle_Mirela_Popa_\u00a9Mirela-Popa-Galerie-Fernand-Leger-Ville-dIvry-sur-Seine8-1-450x300.webp 450w, https:\/\/www.eco-innov.com\/wp-content\/uploads\/94_Paves_solaires_avec_pot_inox_Cheminee_Industrielle_Mirela_Popa_\u00a9Mirela-Popa-Galerie-Fernand-Leger-Ville-dIvry-sur-Seine8-1-330x220.webp 330w, https:\/\/www.eco-innov.com\/wp-content\/uploads\/94_Paves_solaires_avec_pot_inox_Cheminee_Industrielle_Mirela_Popa_\u00a9Mirela-Popa-Galerie-Fernand-Leger-Ville-dIvry-sur-Seine8-1-400x267.webp 400w, https:\/\/www.eco-innov.com\/wp-content\/uploads\/94_Paves_solaires_avec_pot_inox_Cheminee_Industrielle_Mirela_Popa_\u00a9Mirela-Popa-Galerie-Fernand-Leger-Ville-dIvry-sur-Seine8-1-365x243.webp 365w, https:\/\/www.eco-innov.com\/wp-content\/uploads\/94_Paves_solaires_avec_pot_inox_Cheminee_Industrielle_Mirela_Popa_\u00a9Mirela-Popa-Galerie-Fernand-Leger-Ville-dIvry-sur-Seine8-1-535x357.webp 535w\" sizes=\"(max-width: 1900px) 100vw, 1900px\" \/><button\n\t\t\tclass=\"lightbox-trigger\"\n\t\t\ttype=\"button\"\n\t\t\taria-haspopup=\"dialog\"\n\t\t\taria-label=\"Vergr\u00f6\u00dfern\"\n\t\t\tdata-wp-init=\"callbacks.initTriggerButton\"\n\t\t\tdata-wp-on--click=\"actions.showLightbox\"\n\t\t\tdata-wp-style--right=\"state.imageButtonRight\"\n\t\t\tdata-wp-style--top=\"state.imageButtonTop\"\n\t\t>\n\t\t\t<svg xmlns=\"http:\/\/www.w3.org\/2000\/svg\" width=\"12\" height=\"12\" fill=\"none\" viewBox=\"0 0 12 12\">\n\t\t\t\t<path fill=\"#fff\" d=\"M2 0a2 2 0 0 0-2 2v2h1.5V2a.5.5 0 0 1 .5-.5h2V0H2Zm2 10.5H2a.5.5 0 0 1-.5-.5V8H0v2a2 2 0 0 0 2 2h2v-1.5ZM8 12v-1.5h2a.5.5 0 0 0 .5-.5V8H12v2a2 2 0 0 1-2 2H8Zm2-12a2 2 0 0 1 2 2v2h-1.5V2a.5.5 0 0 0-.5-.5H8V0h2Z\" \/>\n\t\t\t<\/svg>\n\t\t<\/button><\/figure>\n\n\n\n<figure data-wp-context=\"{&quot;imageId&quot;:&quot;69f0ec4333dcd&quot;}\" data-wp-interactive=\"core\/image\" data-wp-key=\"69f0ec4333dcd\" class=\"wp-block-image size-full wp-lightbox-container\"><img decoding=\"async\" width=\"1267\" height=\"1900\" data-wp-class--hide=\"state.isContentHidden\" data-wp-class--show=\"state.isContentVisible\" data-wp-init=\"callbacks.setButtonStyles\" data-wp-on--click=\"actions.showLightbox\" data-wp-on--load=\"callbacks.setButtonStyles\" data-wp-on-window--resize=\"callbacks.setButtonStyles\" data-id=\"8071\" src=\"https:\/\/www.eco-innov.com\/wp-content\/uploads\/94_Paves_solaires_avec_pot_inox_Cheminee_Industrielle_Mirela_Popa_\u00a9Mirela-Popa-Galerie-Fernand-Leger-Ville-dIvry-sur-Seine13-1267x1900.webp\" alt=\"\" class=\"wp-image-8071\" srcset=\"https:\/\/www.eco-innov.com\/wp-content\/uploads\/94_Paves_solaires_avec_pot_inox_Cheminee_Industrielle_Mirela_Popa_\u00a9Mirela-Popa-Galerie-Fernand-Leger-Ville-dIvry-sur-Seine13-1267x1900.webp 1267w, https:\/\/www.eco-innov.com\/wp-content\/uploads\/94_Paves_solaires_avec_pot_inox_Cheminee_Industrielle_Mirela_Popa_\u00a9Mirela-Popa-Galerie-Fernand-Leger-Ville-dIvry-sur-Seine13-453x680.webp 453w, https:\/\/www.eco-innov.com\/wp-content\/uploads\/94_Paves_solaires_avec_pot_inox_Cheminee_Industrielle_Mirela_Popa_\u00a9Mirela-Popa-Galerie-Fernand-Leger-Ville-dIvry-sur-Seine13-683x1024.webp 683w, https:\/\/www.eco-innov.com\/wp-content\/uploads\/94_Paves_solaires_avec_pot_inox_Cheminee_Industrielle_Mirela_Popa_\u00a9Mirela-Popa-Galerie-Fernand-Leger-Ville-dIvry-sur-Seine13-768x1152.webp 768w, https:\/\/www.eco-innov.com\/wp-content\/uploads\/94_Paves_solaires_avec_pot_inox_Cheminee_Industrielle_Mirela_Popa_\u00a9Mirela-Popa-Galerie-Fernand-Leger-Ville-dIvry-sur-Seine13-1024x1536.webp 1024w, https:\/\/www.eco-innov.com\/wp-content\/uploads\/94_Paves_solaires_avec_pot_inox_Cheminee_Industrielle_Mirela_Popa_\u00a9Mirela-Popa-Galerie-Fernand-Leger-Ville-dIvry-sur-Seine13-1365x2048.webp 1365w, https:\/\/www.eco-innov.com\/wp-content\/uploads\/94_Paves_solaires_avec_pot_inox_Cheminee_Industrielle_Mirela_Popa_\u00a9Mirela-Popa-Galerie-Fernand-Leger-Ville-dIvry-sur-Seine13-880x1320.webp 880w, https:\/\/www.eco-innov.com\/wp-content\/uploads\/94_Paves_solaires_avec_pot_inox_Cheminee_Industrielle_Mirela_Popa_\u00a9Mirela-Popa-Galerie-Fernand-Leger-Ville-dIvry-sur-Seine13-660x990.webp 660w, https:\/\/www.eco-innov.com\/wp-content\/uploads\/94_Paves_solaires_avec_pot_inox_Cheminee_Industrielle_Mirela_Popa_\u00a9Mirela-Popa-Galerie-Fernand-Leger-Ville-dIvry-sur-Seine13-440x660.webp 440w, https:\/\/www.eco-innov.com\/wp-content\/uploads\/94_Paves_solaires_avec_pot_inox_Cheminee_Industrielle_Mirela_Popa_\u00a9Mirela-Popa-Galerie-Fernand-Leger-Ville-dIvry-sur-Seine13-300x450.webp 300w, https:\/\/www.eco-innov.com\/wp-content\/uploads\/94_Paves_solaires_avec_pot_inox_Cheminee_Industrielle_Mirela_Popa_\u00a9Mirela-Popa-Galerie-Fernand-Leger-Ville-dIvry-sur-Seine13-220x330.webp 220w, https:\/\/www.eco-innov.com\/wp-content\/uploads\/94_Paves_solaires_avec_pot_inox_Cheminee_Industrielle_Mirela_Popa_\u00a9Mirela-Popa-Galerie-Fernand-Leger-Ville-dIvry-sur-Seine13-267x400.webp 267w, https:\/\/www.eco-innov.com\/wp-content\/uploads\/94_Paves_solaires_avec_pot_inox_Cheminee_Industrielle_Mirela_Popa_\u00a9Mirela-Popa-Galerie-Fernand-Leger-Ville-dIvry-sur-Seine13-243x365.webp 243w, https:\/\/www.eco-innov.com\/wp-content\/uploads\/94_Paves_solaires_avec_pot_inox_Cheminee_Industrielle_Mirela_Popa_\u00a9Mirela-Popa-Galerie-Fernand-Leger-Ville-dIvry-sur-Seine13-357x535.webp 357w\" sizes=\"(max-width: 1267px) 100vw, 1267px\" \/><button\n\t\t\tclass=\"lightbox-trigger\"\n\t\t\ttype=\"button\"\n\t\t\taria-haspopup=\"dialog\"\n\t\t\taria-label=\"Vergr\u00f6\u00dfern\"\n\t\t\tdata-wp-init=\"callbacks.initTriggerButton\"\n\t\t\tdata-wp-on--click=\"actions.showLightbox\"\n\t\t\tdata-wp-style--right=\"state.imageButtonRight\"\n\t\t\tdata-wp-style--top=\"state.imageButtonTop\"\n\t\t>\n\t\t\t<svg xmlns=\"http:\/\/www.w3.org\/2000\/svg\" width=\"12\" height=\"12\" fill=\"none\" viewBox=\"0 0 12 12\">\n\t\t\t\t<path fill=\"#fff\" d=\"M2 0a2 2 0 0 0-2 2v2h1.5V2a.5.5 0 0 1 .5-.5h2V0H2Zm2 10.5H2a.5.5 0 0 1-.5-.5V8H0v2a2 2 0 0 0 2 2h2v-1.5ZM8 12v-1.5h2a.5.5 0 0 0 .5-.5V8H12v2a2 2 0 0 1-2 2H8Zm2-12a2 2 0 0 1 2 2v2h-1.5V2a.5.5 0 0 0-.5-.5H8V0h2Z\" \/>\n\t\t\t<\/svg>\n\t\t<\/button><\/figure>\n<\/figure>\n\n\n\n<h2 class=\"wp-block-heading\"><span><strong>Fallstudie: Zweites Leben f\u00fcr einen Industriekamin, der durch Licht neu erfunden wurde<\/strong><\/span><\/h2>\n\n\n\n<p>Das Projekt <strong>&#8222;En cas de doute horizon 6&#8220;,<\/strong> das von der K\u00fcnstlerin <strong>Mirela Popa<\/strong> in der Gemeinde Ivry-sur-Seine entworfen wurde, ist ein perfektes Beispiel f\u00fcr diesen Ansatz: ein Lichtkunstwerk, das als <strong>Werkzeug f\u00fcr die sensible Interpretation des Territoriums<\/strong> gedacht ist und Arch\u00e4ologie, Erz\u00e4hlung und zeitgen\u00f6ssische Kunst verbindet.<\/p>\n\n\n\n<p>Das Projekt ist Teil eines kollektiven und transdisziplin\u00e4ren Ansatzes. Wie der K\u00fcnstler erkl\u00e4rt, &#8222;ist dieses Projekt nicht nur technisch oder dekorativ. Es handelt sich um eine globale Reflexion \u00fcber den Ort, die in Zusammenarbeit mit bildenden K\u00fcnstlern und Arch\u00e4ologen durchgef\u00fchrt wurde&#8220;. Das Licht wird zu einer Sprache, die enth\u00fcllen kann, ohne sich aufzudr\u00e4ngen.  <\/p>\n\n\n\n<p>Die Installation basiert auf einer Lichtlinie, die den Verlauf des arch\u00e4ologischen Zauns aufnimmt, der auf dem Boden identifiziert wurde und sich auf die \u00dcberreste von <strong>25 neolithischen H\u00e4usern<\/strong> bezieht. Sie fungiert als diskretes Signal in der Nachtlandschaft und erinnert an die Erinnerung an den Ort, ohne sie einzufrieren. <\/p>\n\n\n\n<p>Die Lichtmarkierungen auf dem Weg sind von Keramikfragmenten inspiriert, die bei den Ausgrabungen gefunden wurden. Ihre Funktion ist es nicht, eine endg\u00fcltige Antwort zu geben, sondern ein Feld der Interpretation zu er\u00f6ffnen. &#8222;Die Lichtmarkierungen sind eine Homothetisierung von Keramikfragmenten: sie geben Hinweise auf Zeitr\u00e4ume und Daten, lassen aber bewusst Platz f\u00fcr Fragen&#8220;, erl\u00e4utert Mirela Popa.  <\/p>\n\n\n\n<p>Der Titel des Projekts bezieht sich direkt auf eine arch\u00e4ologische Klassifizierung: &#8222;Wenn Arch\u00e4ologen ein Fragment ohne Gewissheit fanden, sagten sie: &#8222;Im Zweifel f\u00fcr den Angeklagten, wir legen es in Horizont 6&#8243;. Dieser Zweifel wurde zum Material des Projekts&#8220;. Das Licht fungiert somit als Metapher f\u00fcr m\u00f6gliche Geschichten, die vor allem nachts sichtbar sind. <\/p>\n\n\n\n<p>Die Installation ist als lebendes Werk gedacht und f\u00fcgt sich in den t\u00e4glichen Gebrauch ein. Im Winter bleibt das Licht in der Dunkelheit bestehen und erlischt dann allm\u00e4hlich mit dem Tag. &#8222;Man hat mir von einem Gef\u00fchl des Funkens erz\u00e4hlt, der bleibt und im Laufe des Morgens erlischt&#8220;, berichtet der K\u00fcnstler.  <\/p>\n\n\n\n<p><strong>ECO-INNOV<\/strong> wurde aufgrund seiner Erfahrung mit K\u00fcnstlern und der Qualit\u00e4t des Austauschs ausgew\u00e4hlt, um diesen anspruchsvollen Prozess zu begleiten. &#8222;Es gibt ein echtes Zuh\u00f6ren, eine aufgesetzte Aufmerksamkeit f\u00fcr das Projekt&#8220;, betont Mirela Popa. Die umgesetzten L\u00f6sungen sind unabh\u00e4ngig, energiesparend und umweltfreundlich und zeigen, dass es m\u00f6glich ist, <strong>k\u00fcnstlerische Anforderungen, Nachhaltigkeit und Aufmerksamkeit f\u00fcr das Leben<\/strong> in Einklang zu bringen.  <\/p>\n\n\n\n<p>Der Einsatz von Solar-L\u00f6sungen spielte bei der Umsetzung des Projekts eine entscheidende Rolle. Die Energieautonomie der Anlagen erm\u00f6glicht eine <strong>leichte Installation<\/strong> ohne Anschluss an das Stromnetz, wodurch die Bauarbeiten, die Infrastrukturkosten und die Auswirkungen auf das bestehende Gel\u00e4nde begrenzt werden. Diese einfache Installation eignet sich besonders f\u00fcr sensible \u00f6ffentliche R\u00e4ume, Kulturerbe oder im Wandel befindliche R\u00e4ume, in denen die Intervention diskret und reversibel bleiben muss.<br>In diesem Projekt ist Solar nicht nur eine einfache technische Wahl, sondern eine <strong>konsequente Fortsetzung des k\u00fcnstlerischen und \u00f6kologischen Ansatzes<\/strong>. Sie erm\u00f6glicht ein bedeutungsvolles, sichtbares und symbolisches Lichtwerk und zeigt, dass es m\u00f6glich ist, <strong>ein Gebiet zu beleuchten, ohne mehr zu verbrauchen<\/strong> oder das Gleichgewicht der Lebewesen zu st\u00f6ren.   <\/p>\n\n\n\n<div style=\"height:50px\" aria-hidden=\"true\" class=\"wp-block-spacer\"><\/div>\n\n\n\n<\/div>\n<div id=\"block-hero-block_0bd36904ef8da83f86ab80da4381f418\" class=\"container-fluid txt_media_part  block-hero\">\n    <div class=\"row\">\n        <div class=\"col-12 col-lg-6 col-xl-6 px-0 media order-1 order-lg-1\">\n            <img decoding=\"async\" src=\"https:\/\/www.eco-innov.com\/wp-content\/uploads\/Mirela_Popa.webp\" alt=\"Mirela Popa\" class=\"img-fluid\">        <\/div>\n        <div class=\"col-12 col-lg-6 col-xl-6 col-xxl-5 px-xl-5 pt-5 pt-lg-0 txt order-2 order-lg-2 d-flex align-items-center\">\n            <div class=\"txt_part\">\n            <div class=\"content\"><h2>\u00dcber den K\u00fcnstler<\/h2>\n<p>Mirela Popa entwickelt eine k\u00fcnstlerische Praxis, die mit der Geschichte von Gebieten und den Spuren, die sie hinterlassen, verbunden ist. Nachdem sie vier Jahre lang an arch\u00e4ologischen Ausgrabungen des Inrap in Ivry teilgenommen hatte, entwarf sie En cas de doute, Horizon 6, eine Lichtarbeit, die von arch\u00e4ologischen Methoden inspiriert ist und eine Metapher f\u00fcr ein sich ver\u00e4nderndes Gebiet und seine Verbindung zur Geschichte von der Jungsteinzeit bis heute darstellt. <\/p>\n<\/div>            <\/div>\n        <\/div>\n    <\/div>\n\n<\/div>\n\n<div class=\"container\">\n\n\n<div style=\"height:50px\" aria-hidden=\"true\" class=\"wp-block-spacer\"><\/div>\n","protected":false},"excerpt":{"rendered":"<p>Licht als Instrument der Stadterneuerung Eine gut durchdachte Beleuchtung tr\u00e4gt dazu bei, : Im Gegensatz zu einem quantitativen Ansatz, der sich ausschlie\u00dflich auf die Lichtst\u00e4rke st\u00fctzt, bevorzugen die umweltfreundlichsten Projekte heute eine qualitative Logik: Spiel mit Kontrasten, Enth\u00fcllung von Volumen, Unterst\u00fctzung der Nutzung und Respekt vor der Nacht. Aufbau einer nachhaltigen und sparsamen Lichtsignatur Die [&hellip;]<\/p>\n","protected":false},"featured_media":8056,"template":"","meta":{"_acf_changed":false,"inline_featured_image":false},"news-category":[495],"class_list":["post-9295","news","type-news","status-publish","has-post-thumbnail","hentry","news-category-projekt"],"acf":[],"_links":{"self":[{"href":"https:\/\/www.eco-innov.com\/de\/wp-json\/wp\/v2\/news\/9295","targetHints":{"allow":["GET"]}}],"collection":[{"href":"https:\/\/www.eco-innov.com\/de\/wp-json\/wp\/v2\/news"}],"about":[{"href":"https:\/\/www.eco-innov.com\/de\/wp-json\/wp\/v2\/types\/news"}],"wp:featuredmedia":[{"embeddable":true,"href":"https:\/\/www.eco-innov.com\/de\/wp-json\/wp\/v2\/media\/8056"}],"wp:attachment":[{"href":"https:\/\/www.eco-innov.com\/de\/wp-json\/wp\/v2\/media?parent=9295"}],"wp:term":[{"taxonomy":"news-category","embeddable":true,"href":"https:\/\/www.eco-innov.com\/de\/wp-json\/wp\/v2\/news-category?post=9295"}],"curies":[{"name":"wp","href":"https:\/\/api.w.org\/{rel}","templated":true}]}}